{"id":1271,"date":"2025-04-27T16:03:23","date_gmt":"2025-04-27T14:03:23","guid":{"rendered":"https:\/\/bovolley.com\/site1\/?p=1271"},"modified":"2025-08-22T16:12:02","modified_gmt":"2025-08-22T14:12:02","slug":"fin-de-saison","status":"publish","type":"post","link":"https:\/\/bovolley.com\/site1\/index.php\/2025\/04\/27\/fin-de-saison\/","title":{"rendered":"Fin de saison"},"content":{"rendered":"\n<p><img loading=\"lazy\" decoding=\"async\" height=\"16\" width=\"16\" alt=\"\ud83e\udd73\" src=\"https:\/\/static.xx.fbcdn.net\/images\/emoji.php\/v9\/tc\/2\/16\/1f973.png\"> Fin de saison pour notre \u00e9quipe fanion Masculins qui apr\u00e8s avoir gagn\u00e9 son maintien il y a 2 semaines s&rsquo;est impos\u00e9e 3\/2 aux <a href=\"https:\/\/www.facebook.com\/JSAVolley?__cft__[0]=AZVA2DM23wyO-TUG6N01xjxwykTnIDJ4t1VJ9KUh4DwGQsm9hG30mQLUAd3qKZnNFhmt--BgXCZsv_S_4LmCntvwLgCNMGgQXAo7UAnkBDBvMJ3DiFZmuip0_Go-qFSJIrL0xe6dzO1k7HybKgCTxW9XWRUWzCJ5KCfeGma7wVOtzPzzSUrIJ8WC4Da57ixexpk&amp;__tn__=-]K-R\">JSA Volley-ball<\/a> .<\/p>\n\n\n\n<p><a><\/a>Dans un match d\u00e9cisif pour nos adversaires qui \u00e9taient en lutte \u00e0 distance avec les Fleurs de Pau, nos Landais ont jou\u00e9 le jeu en rentrant fort dans le match. Percutant aux services, agressifs a l&rsquo;attaque, solidaires en d\u00e9fense, nos bleus remportent le 1er set 25\/15.<\/p>\n\n\n\n<p>Dans le 2\u00e8me set, les JSA retrouvent leur jeu et \u00e9galisent \u00e0 1 set partout 25\/21.<\/p>\n\n\n\n<p>Les \u00e9quipes se rendent alors coup pour coup, 2 sets partout, direction tie-break.<\/p>\n\n\n\n<p>Dans le tie-break, le score reste serr\u00e9. Nos Biscarrossais, d\u00e9termin\u00e9s et bien soutenus par nos supporters finissent par s&rsquo;imposer 18\/16 apr\u00e8s 2h20 de jeu.<\/p>\n\n\n\n<p>Gr\u00e2ce \u00e0 son point pris, nos adversaires du soir gagnent leur maintien, une belle soir\u00e9e pour les 2 \u00e9quipes.<\/p>\n\n\n\n<p>Classement final : 3\u00e8me\/6 des play down.<\/p>\n\n\n\n<p>Bravo \u00e0 l&rsquo;ensemble du collectif pour cette saison difficile o\u00f9 il a fallu faire preuve de solidarit\u00e9, caract\u00e8re et pers\u00e9v\u00e9rance <img loading=\"lazy\" decoding=\"async\" height=\"16\" width=\"16\" alt=\"\ud83d\udcaa\" src=\"https:\/\/static.xx.fbcdn.net\/images\/emoji.php\/v9\/tb\/2\/16\/1f4aa.png\"><img loading=\"lazy\" decoding=\"async\" height=\"16\" width=\"16\" alt=\"\ud83d\udc99\" src=\"https:\/\/static.xx.fbcdn.net\/images\/emoji.php\/v9\/tb\/2\/16\/1f499.png\"><img loading=\"lazy\" decoding=\"async\" height=\"16\" width=\"16\" alt=\"\ud83e\udd0d\" src=\"https:\/\/static.xx.fbcdn.net\/images\/emoji.php\/v9\/t64\/2\/16\/1f90d.png\"><\/p>\n\n\n\n<p><img loading=\"lazy\" decoding=\"async\" height=\"16\" width=\"16\" alt=\"\ud83e\udd73\" src=\"https:\/\/static.xx.fbcdn.net\/images\/emoji.php\/v9\/tc\/2\/16\/1f973.png\"> Du c\u00f4t\u00e9 de notre R\u00e9gionale F\u00e9minines apr\u00e8s leur fin de saison il y a 15 jours, nos filles \u00e9taient pr\u00e9sentes sur diff\u00e9rentes manifestations.<\/p>\n\n\n\n<p>Maylis et Manon s&rsquo;imposent dans l&rsquo;\u00e9tape du beach tour de Biscarrosse en M18 sous les couleurs du club des @mordusdusable.<\/p>\n\n\n\n<p>Annick, notre malgache participait \u00e0 un rassemblement des sportifs malgaches de France \u00e0 Vichy. Pour l&rsquo;occasion, elle a invit\u00e9 Riana et Tahira. Apr\u00e8s 2 jours de comp\u00e9tition, nos filles finissent \u00e0 une belle 3\u00e8me place avec notre N\u00e9n\u00e9 en coach.<\/p>\n\n\n\n<p>Bravo \u00e0 elles <img loading=\"lazy\" decoding=\"async\" height=\"16\" width=\"16\" alt=\"\ud83d\udc99\" src=\"https:\/\/static.xx.fbcdn.net\/images\/emoji.php\/v9\/tb\/2\/16\/1f499.png\"><img loading=\"lazy\" decoding=\"async\" height=\"16\" width=\"16\" alt=\"\ud83e\udd0d\" src=\"https:\/\/static.xx.fbcdn.net\/images\/emoji.php\/v9\/t64\/2\/16\/1f90d.png\"><\/p>\n\n\n\n<p>Prochaines \u00e9ch\u00e9ances pour nos \u00e9quipes S\u00e9niors et jeunes, la traditionnelle Coupe des Landes les 8, 10 et 11 mai \u00e0 Saint Sever.<\/p>\n","protected":false},"excerpt":{"rendered":"<p>Fin de saison pour notre \u00e9quipe fanion Masculins qui apr\u00e8s avoir gagn\u00e9 son maintien il y a 2 semaines s&rsquo;est impos\u00e9e 3\/2 aux JSA Volley-ball . Dans un match d\u00e9cisif pour nos adversaires qui \u00e9taient en lutte \u00e0 distance avec les Fleurs de Pau, nos Landais ont jou\u00e9 le jeu en rentrant fort dans le&hellip;&nbsp;<a href=\"https:\/\/bovolley.com\/site1\/index.php\/2025\/04\/27\/fin-de-saison\/\" rel=\"bookmark\"><span class=\"screen-reader-text\">Fin de saison<\/span><\/a><\/p>\n","protected":false},"author":7,"featured_media":1272,"comment_status":"open","ping_status":"open","sticky":false,"template":"","format":"standard","meta":{"neve_meta_sidebar":"","neve_meta_container":"","neve_meta_enable_content_width":"","neve_meta_content_width":0,"neve_meta_title_alignment":"","neve_meta_author_avatar":"","neve_post_elements_order":"","neve_meta_disable_header":"","neve_meta_disable_footer":"","neve_meta_disable_title":"","footnotes":""},"categories":[8,59],"tags":[],"class_list":["post-1271","post","type-post","status-publish","format-standard","has-post-thumbnail","hentry","category-prenationale-masculins","category-regionale-1-masculins"],"jetpack_featured_media_url":"https:\/\/bovolley.com\/site1\/wp-content\/uploads\/2025\/08\/Capture-decran-2025-08-22-a-16.02.54.png","_links":{"self":[{"href":"https:\/\/bovolley.com\/site1\/index.php\/wp-json\/wp\/v2\/posts\/1271","targetHints":{"allow":["GET"]}}],"collection":[{"href":"https:\/\/bovolley.com\/site1\/index.php\/wp-json\/wp\/v2\/posts"}],"about":[{"href":"https:\/\/bovolley.com\/site1\/index.php\/wp-json\/wp\/v2\/types\/post"}],"author":[{"embeddable":true,"href":"https:\/\/bovolley.com\/site1\/index.php\/wp-json\/wp\/v2\/users\/7"}],"replies":[{"embeddable":true,"href":"https:\/\/bovolley.com\/site1\/index.php\/wp-json\/wp\/v2\/comments?post=1271"}],"version-history":[{"count":2,"href":"https:\/\/bovolley.com\/site1\/index.php\/wp-json\/wp\/v2\/posts\/1271\/revisions"}],"predecessor-version":[{"id":1275,"href":"https:\/\/bovolley.com\/site1\/index.php\/wp-json\/wp\/v2\/posts\/1271\/revisions\/1275"}],"wp:featuredmedia":[{"embeddable":true,"href":"https:\/\/bovolley.com\/site1\/index.php\/wp-json\/wp\/v2\/media\/1272"}],"wp:attachment":[{"href":"https:\/\/bovolley.com\/site1\/index.php\/wp-json\/wp\/v2\/media?parent=1271"}],"wp:term":[{"taxonomy":"category","embeddable":true,"href":"https:\/\/bovolley.com\/site1\/index.php\/wp-json\/wp\/v2\/categories?post=1271"},{"taxonomy":"post_tag","embeddable":true,"href":"https:\/\/bovolley.com\/site1\/index.php\/wp-json\/wp\/v2\/tags?post=1271"}],"curies":[{"name":"wp","href":"https:\/\/api.w.org\/{rel}","templated":true}]}}